{"id":21369,"date":"2018-11-13T11:31:20","date_gmt":"2018-11-13T10:31:20","guid":{"rendered":"https:\/\/regiontatry.sk\/pripravy-na-otvorenie-tatranskeho-ladoveho-domu-vrcholia\/"},"modified":"2018-11-13T11:31:20","modified_gmt":"2018-11-13T10:31:20","slug":"pripravy-na-otvorenie-tatranskeho-ladoveho-domu-vrcholia","status":"publish","type":"post","link":"https:\/\/regiontatry.sk\/de\/pripravy-na-otvorenie-tatranskeho-ladoveho-domu-vrcholia\/","title":{"rendered":"Pr\u00edpravy na otvorenie Tatransk\u00e9ho \u013eadov\u00e9ho d\u00f3mu vrcholia"},"content":{"rendered":"\n<p>STAR\u00dd SMOKOVEC (12. novembra 2018) \u2013 Najv\u00e4\u010d\u0161iu atrakciu zimnej sez\u00f3ny vo Vysok\u00fdch Tatr\u00e1ch, Tatransk\u00fd \u013eadov\u00fd d\u00f3m, 23.novembra ofici\u00e1lne spr\u00edstupnia \u0161irokej verejnosti a pomyselne tak Tatranci otvoria zimn\u00fa turistick\u00fa sez\u00f3nu. \u0160peci\u00e1lne chladenie pod kupolou na Hrebienku ukr\u00fdva 225 ton \u013eadu v 1.800 kusoch \u013eadov\u00fdch blokov. O prec\u00edzne detaily pri tvorbe \u013eadov\u00e9ho chr\u00e1mu v \u0161t\u00fdle Baziliky Sv. Petra v R\u00edme spolu s Berniniho kolon\u00e1dou sa postar\u00e1 Adam Bako\u0161 s t\u00edmom slovensk\u00fdch, \u010desk\u00fdch, po\u013esk\u00fdch, anglick\u00fdch a americk\u00fdch soch\u00e1rov.<\/p>\n\n\n\n<figure class=\"wp-block-image\"><img loading=\"lazy\" decoding=\"async\" width=\"1024\" height=\"643\" src=\"https:\/\/regiontatry.sk\/wp-content\/uploads\/2018\/11\/c-Marek-Hajkovsky-foto-LADOVY-DOM-2018_31-2-1024x643.jpg\" alt=\"\" class=\"wp-image-14037\" srcset=\"https:\/\/regiontatry.sk\/wp-content\/uploads\/2018\/11\/c-Marek-Hajkovsky-foto-LADOVY-DOM-2018_31-2-1024x643.jpg 1024w, https:\/\/regiontatry.sk\/wp-content\/uploads\/2018\/11\/c-Marek-Hajkovsky-foto-LADOVY-DOM-2018_31-2-300x188.jpg 300w, https:\/\/regiontatry.sk\/wp-content\/uploads\/2018\/11\/c-Marek-Hajkovsky-foto-LADOVY-DOM-2018_31-2-768x482.jpg 768w, https:\/\/regiontatry.sk\/wp-content\/uploads\/2018\/11\/c-Marek-Hajkovsky-foto-LADOVY-DOM-2018_31-2-698x438.jpg 698w, https:\/\/regiontatry.sk\/wp-content\/uploads\/2018\/11\/c-Marek-Hajkovsky-foto-LADOVY-DOM-2018_31-2-552x347.jpg 552w, https:\/\/regiontatry.sk\/wp-content\/uploads\/2018\/11\/c-Marek-Hajkovsky-foto-LADOVY-DOM-2018_31-2.jpg 1500w\" sizes=\"(max-width: 1024px) 100vw, 1024px\" \/><\/figure>\n\n\n\n<p><br>Tatransk\u00fd \u013eadov\u00fd d\u00f3m na Hrebienku tradi\u010dne otv\u00e1ra zimn\u00fa sez\u00f3nu vo Vysok\u00fdch Tatr\u00e1ch. Nebude tomu inak aj tento rok, aj napriek tomu, \u017ee sa babie leto nechce vzda\u0165 svojej kr\u00e1sy v prospech zimy.<br>\u201ePr\u00e1ce na Tatranskom \u013eadovom dome za\u010dali tento rok 24.9.2018 prv\u00fdm n\u00e1vozom materi\u00e1lu na Hrebienok. Do dne\u0161n\u00e9ho d\u0148a vyviezlo 10 kami\u00f3nov rekordn\u00fdch 1.800 kusov \u013eadov\u00fdch blokov, \u010do predstavuje 225 ton \u013eadu.\u201c Upresnila v\u00fdkonn\u00e1 riadite\u013eka Oblastnej organiz\u00e1cie cestovn\u00e9ho ruchu Regi\u00f3n Vysok\u00e9 Tatry, Veronika Littvov\u00e1.<br>Od 22.10.2018 sa \u013eadov\u00e9 kocky premie\u0148aj\u00fa na unik\u00e1tnu \u013eadov\u00fa baziliku pod rukami hlavn\u00e9ho stavite\u013ea Adama Bako\u0161a so svojim t\u00edmom 15tich soch\u00e1rov s 11timi pomocn\u00edkmi zo Slovenska, \u010ciech, Po\u013eska, Walesu. Zauj\u00edmavos\u0165ou je soch\u00e1rka z americk\u00e9ho Texasu.<\/p>\n\n\n\n<figure class=\"wp-block-image\"><img loading=\"lazy\" decoding=\"async\" width=\"1024\" height=\"536\" src=\"https:\/\/regiontatry.sk\/wp-content\/uploads\/2018\/10\/c-Marek-Hajkovsky-foto-LADOVY-DOM-2018_33-1024x536.jpg\" alt=\"\" class=\"wp-image-13874\" srcset=\"https:\/\/regiontatry.sk\/wp-content\/uploads\/2018\/10\/c-Marek-Hajkovsky-foto-LADOVY-DOM-2018_33-1024x536.jpg 1024w, https:\/\/regiontatry.sk\/wp-content\/uploads\/2018\/10\/c-Marek-Hajkovsky-foto-LADOVY-DOM-2018_33-300x157.jpg 300w, https:\/\/regiontatry.sk\/wp-content\/uploads\/2018\/10\/c-Marek-Hajkovsky-foto-LADOVY-DOM-2018_33-768x402.jpg 768w, https:\/\/regiontatry.sk\/wp-content\/uploads\/2018\/10\/c-Marek-Hajkovsky-foto-LADOVY-DOM-2018_33-698x365.jpg 698w, https:\/\/regiontatry.sk\/wp-content\/uploads\/2018\/10\/c-Marek-Hajkovsky-foto-LADOVY-DOM-2018_33-552x289.jpg 552w, https:\/\/regiontatry.sk\/wp-content\/uploads\/2018\/10\/c-Marek-Hajkovsky-foto-LADOVY-DOM-2018_33.jpg 1500w\" sizes=\"(max-width: 1024px) 100vw, 1024px\" \/><\/figure>\n\n\n\n<p><br>U\u017e 6.ro\u010dn\u00edk Tatransk\u00e9ho \u013eadov\u00e9ho d\u00f3mu sa nesie v \u0161t\u00fdle Baziliky Sv. Petra v R\u00edme spolu s Berniniho kolon\u00e1dou. V Berniniho kolon\u00e1de bude situovan\u00fdch celkovo 84 st\u013apov po oboch stran\u00e1ch. Zauj\u00edmavos\u0165ou je, \u017ee len na samotn\u00e9 \u013eadov\u00e9 st\u013apy o v\u00fd\u0161ke cez 3,5m (bez podstavcov a hlav\u00edc) je pou\u017eit\u00fdch 3,5 kami\u00f3na ladu, \u010do predstavuje 630 kusov \u013eadov\u00fdch blokov. Celkov\u00e1 v\u00fd\u0161ka st\u013apov je do 5m a na ich vrcholoch bud\u00fa umiestnen\u00e9 sochy.<br>Samotn\u00e1 hlavn\u00e1 kupola bude ma\u0165 rekordn\u00fa v\u00fd\u0161ku a\u017e 11,5m, \u010do je maxim\u00e1lna mo\u017en\u00e1 v\u00fd\u0161ka v r\u00e1mci celkovej expoz\u00edcie. Origin\u00e1lne majstrovsk\u00e9 \u013eadov\u00e9 dielo je v kupol\u00e1ch doplnen\u00e9 umeleck\u00fdmi v\u00fdpl\u0148ami. Tie s\u00fa pretransformovan\u00e9 do vitr\u00e1\u017ee modernou technol\u00f3giou tavenia skla. Ich autorom je Achilleas Sdoukos, skl\u00e1r a dizajn\u00e9r, so slovensko-gr\u00e9ckym p\u00f4vodom. Jeho umeleck\u00fd \u017eivot orientuje na tvoriv\u00e9 h\u013eadanie v magickom materi\u00e1li, ktor\u00fdm je sklo.<br>Pr\u00e1ce na Tatranskom \u013eadovom d\u00f3me vrcholia aj napriek tomu, \u017ee na november vysok\u00e9 teploty v s\u00fa\u010dasnosti s \u013eahkos\u0165ou dosahuj\u00fa +10 \u02daC, \u010do pr\u00e1cu stavb\u00e1rom zna\u010dne komplikuje. \u0160ikovn\u00ed stavb\u00e1ri v\u0161ak kupolu dok\u00e1\u017eu dostupn\u00fdmi met\u00f3dami ochladi\u0165 na teplotu, s ktorou si u\u017e vn\u00fatorn\u00e1 klimatiz\u00e1cia hravo porad\u00ed. Pri spr\u00e1vnej teplote m\u00f4\u017eu ruky skvel\u00fdch umelcov pokra\u010dova\u0165 v tvorbe tejto unik\u00e1tnej \u013eadovej stavby na Hrebienku a pripravi\u0165 ju pre \u0161irok\u00fa verejnos\u0165.<\/p>\n\n\n\n<figure class=\"wp-block-image\"><img loading=\"lazy\" decoding=\"async\" width=\"1024\" height=\"681\" src=\"https:\/\/regiontatry.sk\/wp-content\/uploads\/2018\/11\/c-Marek-Hajkovsky-foto-LADOVY-DOM-2018_37-1-1024x681.jpg\" alt=\"\" class=\"wp-image-14092\" srcset=\"https:\/\/regiontatry.sk\/wp-content\/uploads\/2018\/11\/c-Marek-Hajkovsky-foto-LADOVY-DOM-2018_37-1-1024x681.jpg 1024w, https:\/\/regiontatry.sk\/wp-content\/uploads\/2018\/11\/c-Marek-Hajkovsky-foto-LADOVY-DOM-2018_37-1-300x200.jpg 300w, https:\/\/regiontatry.sk\/wp-content\/uploads\/2018\/11\/c-Marek-Hajkovsky-foto-LADOVY-DOM-2018_37-1-768x511.jpg 768w, https:\/\/regiontatry.sk\/wp-content\/uploads\/2018\/11\/c-Marek-Hajkovsky-foto-LADOVY-DOM-2018_37-1-698x464.jpg 698w, https:\/\/regiontatry.sk\/wp-content\/uploads\/2018\/11\/c-Marek-Hajkovsky-foto-LADOVY-DOM-2018_37-1-552x367.jpg 552w, https:\/\/regiontatry.sk\/wp-content\/uploads\/2018\/11\/c-Marek-Hajkovsky-foto-LADOVY-DOM-2018_37-1.jpg 1500w\" sizes=\"(max-width: 1024px) 100vw, 1024px\" \/><\/figure>\n\n\n\n<p><br>\u201eTatransk\u00fd \u013eadov\u00fd d\u00f3m bude otvoren\u00fd od piatka 23. novembra 2018 v\u017edy denne od 9.00 do 16.30 hodiny, pri\u010dom po\u010das hlavnej zimnej sez\u00f3ny a viano\u010dn\u00fdch sviatkov bud\u00fa otv\u00e1racie hodiny pred\u013a\u017een\u00e9. Vstup do unik\u00e1tnej \u013eadovej baziliky je pre n\u00e1v\u0161tevn\u00edkov bezplatn\u00fd. Okrem toho po\u010das celej hlavnej zimnej sez\u00f3ny chyst\u00e1me pre n\u00e1v\u0161tevn\u00edkov pravidelne ka\u017ed\u00fa nede\u013eu v Tatranskom \u013eadovom d\u00f3me koncerty a hudobn\u00e9 vyst\u00fapenia. N\u00e1v\u0161tevn\u00edci si m\u00f4\u017eu v t\u00fdchto unik\u00e1tnych mrazivo kr\u00e1snych priestoroch vychutna\u0165 otv\u00e1rac\u00ed koncert, \u0161tyri adventn\u00e9 koncerty, silvestrovsk\u00fd koncert a mnoho koncertov v roku 2019\u201c doplnila Veronika Littvov\u00e1.<br>Nev\u0161edn\u00fd priestor s unik\u00e1tnou atmosf\u00e9rou je ako stvoren\u00fd na konanie svadieb \u010di z\u00e1snub. V\u0161etci d\u00fafaj\u00fa, \u017ee tento rok op\u00e4\u0165 po\u010det n\u00e1v\u0161tevn\u00edkov porastie a unik\u00e1tne \u013eadov\u00e9 dielo pril\u00e1ka do Vysok\u00fdch Tatier e\u0161te viac host\u00ed, ktor\u00ed si pr\u00eddu na Hrebienok vychutna\u0165 poh\u013ead na mraziv\u00fa tatransk\u00fa kr\u00e1su. Spr\u00edstupnen\u00edm Tatransk\u00e9ho \u013eadov\u00e9ho d\u00f3mu sa tak vo Vysok\u00fdch Tatr\u00e1ch symbolicky otv\u00e1ra nast\u00e1vaj\u00faca zimn\u00e1 sez\u00f3na 2018\/2019 a to aj napriek tomu, \u017ee vonkaj\u0161ie teploty len pomaly hl\u00e1sia prich\u00e1dzaj\u00facu zimu. \u0160tart zimnej sez\u00f3ny je toti\u017eto okrem otvorenia Tatransk\u00e9ho d\u00f3mu spojen\u00fd aj s prvou ly\u017eova\u010dkou v Tatr\u00e1ch.<\/p>\n\n\n\n<p><br>Organiz\u00e1tori + kontakt:<br>OOCR Regi\u00f3n Vysok\u00e9 Tatry; www.regiontatry.sk, info@regiontatry.sk<br>Vstupn\u00e9: zdarma<br>Viac inform\u00e1ci\u00ed je dostupn\u00fdch na www.regiontatry.sk alebo na www.vt.sk<br>Tatransk\u00fd \u013eadov\u00fd d\u00f3m je spolufinancovan\u00fd Ministerstvom dopravy a v\u00fdstavby SR. <\/p>\n","protected":false},"excerpt":{"rendered":"<p>STAR\u00dd SMOKOVEC (12. novembra 2018) \u2013 Najv\u00e4\u010d\u0161iu atrakciu zimnej sez\u00f3ny vo Vysok\u00fdch Tatr\u00e1ch, Tatransk\u00fd \u013eadov\u00fd d\u00f3m, 23.novembra ofici\u00e1lne spr\u00edstupnia \u0161irokej verejnosti a pomyselne tak Tatranci otvoria zimn\u00fa turistick\u00fa sez\u00f3nu. \u0160peci\u00e1lne chladenie pod kupolou na Hrebienku ukr\u00fdva 225 ton \u013eadu v 1.800 kusoch \u013eadov\u00fdch blokov. O prec\u00edzne detaily pri tvorbe \u013eadov\u00e9ho chr\u00e1mu v \u0161t\u00fdle Baziliky Sv. [&hellip;]<\/p>\n","protected":false},"author":2,"featured_media":21370,"comment_status":"open","ping_status":"open","sticky":false,"template":"","format":"standard","meta":{"footnotes":""},"categories":[51],"tags":[],"class_list":["post-21369","post","type-post","status-publish","format-standard","has-post-thumbnail","hentry","category-aktuality-a-informacie-z-regionu-de"],"_links":{"self":[{"href":"https:\/\/regiontatry.sk\/de\/wp-json\/wp\/v2\/posts\/21369"}],"collection":[{"href":"https:\/\/regiontatry.sk\/de\/wp-json\/wp\/v2\/posts"}],"about":[{"href":"https:\/\/regiontatry.sk\/de\/wp-json\/wp\/v2\/types\/post"}],"author":[{"embeddable":true,"href":"https:\/\/regiontatry.sk\/de\/wp-json\/wp\/v2\/users\/2"}],"replies":[{"embeddable":true,"href":"https:\/\/regiontatry.sk\/de\/wp-json\/wp\/v2\/comments?post=21369"}],"version-history":[{"count":0,"href":"https:\/\/regiontatry.sk\/de\/wp-json\/wp\/v2\/posts\/21369\/revisions"}],"wp:featuredmedia":[{"embeddable":true,"href":"https:\/\/regiontatry.sk\/de\/wp-json\/wp\/v2\/media\/21370"}],"wp:attachment":[{"href":"https:\/\/regiontatry.sk\/de\/wp-json\/wp\/v2\/media?parent=21369"}],"wp:term":[{"taxonomy":"category","embeddable":true,"href":"https:\/\/regiontatry.sk\/de\/wp-json\/wp\/v2\/categories?post=21369"},{"taxonomy":"post_tag","embeddable":true,"href":"https:\/\/regiontatry.sk\/de\/wp-json\/wp\/v2\/tags?post=21369"}],"curies":[{"name":"wp","href":"https:\/\/api.w.org\/{rel}","templated":true}]}}