{"id":11176015,"date":"2025-11-05T09:20:32","date_gmt":"2025-11-05T08:20:32","guid":{"rendered":"https:\/\/regiontatry.sk\/christmas-markets-in-the-high-tatras-region\/"},"modified":"2025-11-05T09:50:57","modified_gmt":"2025-11-05T08:50:57","slug":"karacsonyi-vasarok-magas-tatra-regioban","status":"publish","type":"post","link":"https:\/\/regiontatry.sk\/hu\/karacsonyi-vasarok-magas-tatra-regioban\/","title":{"rendered":"Kar\u00e1csonyi v\u00e1s\u00e1rok Magas T\u00e1tra r\u00e9gi\u00f3ban"},"content":{"rendered":"\n<h2 class=\"wp-block-heading\"><strong>Kar\u00e1csonyi v\u00e1s\u00e1rok Magas T\u00e1tra r\u00e9gi\u00f3ban<\/strong><\/h2>\n\n\n\n<p>A hagyom\u00e1nyosKar\u00e1csonyi v\u00e1s\u00e1rXXII. \u00e9vfolyama Popr\u00e1dban a Szt. Egyed F\u0151t\u00e9ren <strong>2025. december 5.-t\u0151l 21.-ig<\/strong> zajlik. Id\u00e9n a kar\u00e1csonyi v\u00e1s\u00e1rok id\u0151tartama eg\u00e9szen <strong>16 napra<\/strong> hosszabbodik meg \u00e9s a hazai \u00e9s k\u00fclf\u00f6ldi l\u00e1togat\u00f3k 60 kar\u00e1csonyi d\u00edsz\u00edt\u00e9s\u0171 fab\u00f3d\u00e9nak \u00f6rvendhetnek, amelyekben a l\u00e1togat\u00f3k kar\u00e1csonyi t\u00e9m\u00e1j\u00fa term\u00e9kekre tal\u00e1lnak eg\u00e9sz Szlov\u00e1ki\u00e1b\u00f3l \u00e9rkez\u0151 elad\u00f3kt\u00f3l, friss\u00edt\u0151k \u00e9s meleg italok v\u00e1laszt\u00e9k\u00e1t, illetve foodtruck-okat hagyom\u00e1nyos \u00e9s hagyom\u00e1nyt\u00f6r\u0151 \u00ednyencs\u00e9gekkel. A v\u00e1s\u00e1r legtetszet\u0151sebb napjai sor\u00e1n a Popr\u00e1d k\u00f6zpontja <strong>gazdag k\u00eds\u00e9r\u0151programmal<\/strong> is felelevenedik, amely folkl\u00f3r-fell\u00e9p\u00e9seket, n\u00e9pi hagyom\u00e1nyokat illetve n\u00e9pszer\u0171 zenekarok koncertjeit k\u00edn\u00e1l. A program a <strong>Szt. Egyed F\u0151t\u00e9ren<\/strong> zajlik mindig <strong>p\u00e9nteken \u00e9s szombaton<\/strong> a v\u00e1s\u00e1r eg\u00e9sz id\u0151tartama alatt. A f\u0151t\u00e9ren a Popr\u00e1di Kar\u00e1csony folyam\u00e1n a kar\u00e1csonyi v\u00e1roska sem hi\u00e1nyzik, ahol a l\u00e1togat\u00f3k tov\u00e1bbi 10 b\u00f3d\u00e9ban is k\u00fcl\u00f6nb\u00f6z\u0151 kar\u00e1csonyi v\u00e1laszt\u00e9kot \u00e9s friss\u00edt\u0151t tal\u00e1lnak. <\/p>\n\n\n\n<figure class=\"wp-block-gallery has-nested-images columns-default is-cropped wp-block-gallery-2 is-layout-flex wp-block-gallery-is-layout-flex\">\n<figure class=\"wp-block-image size-large\"><img loading=\"lazy\" decoding=\"async\" width=\"1024\" height=\"683\" data-id=\"11175932\" src=\"https:\/\/regiontatry.sk\/wp-content\/uploads\/2025\/11\/3-1-1024x683.jpg\" alt=\"\" class=\"wp-image-11175932\" srcset=\"https:\/\/regiontatry.sk\/wp-content\/uploads\/2025\/11\/3-1-1024x683.jpg 1024w, https:\/\/regiontatry.sk\/wp-content\/uploads\/2025\/11\/3-1-300x200.jpg 300w, https:\/\/regiontatry.sk\/wp-content\/uploads\/2025\/11\/3-1-768x512.jpg 768w, https:\/\/regiontatry.sk\/wp-content\/uploads\/2025\/11\/3-1-1536x1024.jpg 1536w, https:\/\/regiontatry.sk\/wp-content\/uploads\/2025\/11\/3-1-2048x1365.jpg 2048w, https:\/\/regiontatry.sk\/wp-content\/uploads\/2025\/11\/3-1-1920x1280.jpg 1920w, https:\/\/regiontatry.sk\/wp-content\/uploads\/2025\/11\/3-1-1705x1137.jpg 1705w, https:\/\/regiontatry.sk\/wp-content\/uploads\/2025\/11\/3-1-860x573.jpg 860w, https:\/\/regiontatry.sk\/wp-content\/uploads\/2025\/11\/3-1-698x465.jpg 698w, https:\/\/regiontatry.sk\/wp-content\/uploads\/2025\/11\/3-1-552x368.jpg 552w\" sizes=\"(max-width: 1024px) 100vw, 1024px\" \/><\/figure>\n\n\n\n<figure class=\"wp-block-image size-large\"><img loading=\"lazy\" decoding=\"async\" width=\"1024\" height=\"683\" data-id=\"11175939\" src=\"https:\/\/regiontatry.sk\/wp-content\/uploads\/2025\/11\/8-1024x683.jpg\" alt=\"\" class=\"wp-image-11175939\" srcset=\"https:\/\/regiontatry.sk\/wp-content\/uploads\/2025\/11\/8-1024x683.jpg 1024w, https:\/\/regiontatry.sk\/wp-content\/uploads\/2025\/11\/8-300x200.jpg 300w, https:\/\/regiontatry.sk\/wp-content\/uploads\/2025\/11\/8-768x512.jpg 768w, https:\/\/regiontatry.sk\/wp-content\/uploads\/2025\/11\/8-1536x1024.jpg 1536w, https:\/\/regiontatry.sk\/wp-content\/uploads\/2025\/11\/8-2048x1365.jpg 2048w, https:\/\/regiontatry.sk\/wp-content\/uploads\/2025\/11\/8-1920x1280.jpg 1920w, https:\/\/regiontatry.sk\/wp-content\/uploads\/2025\/11\/8-1705x1137.jpg 1705w, https:\/\/regiontatry.sk\/wp-content\/uploads\/2025\/11\/8-860x573.jpg 860w, https:\/\/regiontatry.sk\/wp-content\/uploads\/2025\/11\/8-698x465.jpg 698w, https:\/\/regiontatry.sk\/wp-content\/uploads\/2025\/11\/8-552x368.jpg 552w\" sizes=\"(max-width: 1024px) 100vw, 1024px\" \/><\/figure>\n\n\n\n<figure class=\"wp-block-image size-large\"><img loading=\"lazy\" decoding=\"async\" width=\"1024\" height=\"683\" data-id=\"11175918\" src=\"https:\/\/regiontatry.sk\/wp-content\/uploads\/2025\/11\/6-1024x683.jpg\" alt=\"\" class=\"wp-image-11175918\" srcset=\"https:\/\/regiontatry.sk\/wp-content\/uploads\/2025\/11\/6-1024x683.jpg 1024w, https:\/\/regiontatry.sk\/wp-content\/uploads\/2025\/11\/6-300x200.jpg 300w, https:\/\/regiontatry.sk\/wp-content\/uploads\/2025\/11\/6-768x512.jpg 768w, https:\/\/regiontatry.sk\/wp-content\/uploads\/2025\/11\/6-1536x1024.jpg 1536w, https:\/\/regiontatry.sk\/wp-content\/uploads\/2025\/11\/6-2048x1365.jpg 2048w, https:\/\/regiontatry.sk\/wp-content\/uploads\/2025\/11\/6-1920x1280.jpg 1920w, https:\/\/regiontatry.sk\/wp-content\/uploads\/2025\/11\/6-1705x1137.jpg 1705w, https:\/\/regiontatry.sk\/wp-content\/uploads\/2025\/11\/6-860x573.jpg 860w, https:\/\/regiontatry.sk\/wp-content\/uploads\/2025\/11\/6-698x465.jpg 698w, https:\/\/regiontatry.sk\/wp-content\/uploads\/2025\/11\/6-552x368.jpg 552w\" sizes=\"(max-width: 1024px) 100vw, 1024px\" \/><\/figure>\n<\/figure>\n\n\n\n<p>A f\u00e9lre\u00e9rthetetlen <strong>kar\u00e1csonyi l\u00e9gk\u00f6rt <\/strong>a <strong>kar\u00e1csonyi d\u00edsz\u00edt\u00e9s <\/strong>is kieg\u00e9sz\u00edti, amely tarkas\u00e1g\u00e1val a legszebbek k\u00f6z\u00e9 tartozik Szlov\u00e1ki\u00e1ban. Ragyog\u00f3 f\u00e9nykapuk, mesebeli d\u00edsz\u00edt\u00e9sek, f\u00e9ny- fot\u00f3pontok, forralt bor. m\u00e9zbor illata var\u00e1zslatos sz\u00ednteret alkotnak, amely m\u00e1r hagyom\u00e1nyosan l\u00e1togat\u00f3k ezreit csalogatja. A Popr\u00e1d \u00edgy minden \u00e9vben a <strong>kar\u00e1csony szimb\u00f3lum\u00e1v\u00e1 v\u00e1lik T\u00e1tra alatt<\/strong>. Az adventi id\u0151szak alatt Popr\u00e1d tov\u00e1bbi \u00e9rdekess\u00e9geket is k\u00edn\u00e1l \u2013 hagyom\u00e1nyos adventi torony-koncerteket, amelyek minden adventi vas\u00e1rnapon zajlanak a Szt. Egyed F\u0151te\u00e9ren 18:00 \u00f3rakor \u2013 az els\u0151 2025. november 30.-\u00e1n \u00e9s az utols\u00f3, negyedik, december 21.-\u00e9n. A Szentestei torony-koncert december 24.-\u00e9re van tervezve 21:30 \u00f3rakor, d\u00edjmentes nyilv\u00e1nos korcsoly\u00e1z\u00e1s az \u00fcnnepi napok sor\u00e1n valamint a legszebb pillanatok meg\u00f6r\u00f6k\u00edt\u00e9s\u00e9hez ide\u00e1lis kar\u00e1csonyi fot\u00f3sarok. A v\u00e1ros egy\u00fattal T\u00e1tra kapujak\u00e9nt szolg\u00e1l, \u00e9ppen ez\u00e9rt a v\u00e1s\u00e1r l\u00e1togat\u00e1sa egyszer\u0171en \u00f6sszek\u00f6thet\u0151 t\u00e1trai sz\u00e1llod\u00e1ban val\u00f3 \u00fcd\u00fcl\u00e9ssel, wellness pihen\u00e9ssel vagy t\u00e9li turisztik\u00e1val. A Kar\u00e1csonyi Popr\u00e1d feledhetetlen \u00fcnnepi l\u00e9gk\u00f6rt hoz mag\u00e1val, ahol a Kar\u00e1csony var\u00e1zsa T\u00e1tra fens\u00e9gess\u00e9g\u00e9vel jegyeskedik \u00e9s \u00d6n\u00f6knek ez\u00e9rt nem szabadna kihagyniuk a kar\u00e1csonyi bucket list-jukb\u00f3l. T\u00f6bb inform\u00e1ci\u00f3 a <a href=\"http:\/\/www.regiontatry.sk\">www.regiontatry.sk<\/a> oldalon.<\/p>\n\n\n\n<figure class=\"wp-block-gallery has-nested-images columns-default is-cropped wp-block-gallery-3 is-layout-flex wp-block-gallery-is-layout-flex\">\n<figure class=\"wp-block-image size-large\"><img loading=\"lazy\" decoding=\"async\" width=\"1024\" height=\"683\" data-id=\"11175946\" src=\"https:\/\/regiontatry.sk\/wp-content\/uploads\/2025\/11\/DSC_3320_1_2400x1600-1024x683.jpg\" alt=\"\" class=\"wp-image-11175946\" srcset=\"https:\/\/regiontatry.sk\/wp-content\/uploads\/2025\/11\/DSC_3320_1_2400x1600-1024x683.jpg 1024w, https:\/\/regiontatry.sk\/wp-content\/uploads\/2025\/11\/DSC_3320_1_2400x1600-300x200.jpg 300w, https:\/\/regiontatry.sk\/wp-content\/uploads\/2025\/11\/DSC_3320_1_2400x1600-768x512.jpg 768w, https:\/\/regiontatry.sk\/wp-content\/uploads\/2025\/11\/DSC_3320_1_2400x1600-1536x1024.jpg 1536w, https:\/\/regiontatry.sk\/wp-content\/uploads\/2025\/11\/DSC_3320_1_2400x1600-2048x1365.jpg 2048w, https:\/\/regiontatry.sk\/wp-content\/uploads\/2025\/11\/DSC_3320_1_2400x1600-1920x1280.jpg 1920w, https:\/\/regiontatry.sk\/wp-content\/uploads\/2025\/11\/DSC_3320_1_2400x1600-1705x1137.jpg 1705w, https:\/\/regiontatry.sk\/wp-content\/uploads\/2025\/11\/DSC_3320_1_2400x1600-860x573.jpg 860w, https:\/\/regiontatry.sk\/wp-content\/uploads\/2025\/11\/DSC_3320_1_2400x1600-698x465.jpg 698w, https:\/\/regiontatry.sk\/wp-content\/uploads\/2025\/11\/DSC_3320_1_2400x1600-552x368.jpg 552w\" sizes=\"(max-width: 1024px) 100vw, 1024px\" \/><\/figure>\n\n\n\n<figure class=\"wp-block-image size-large\"><img loading=\"lazy\" decoding=\"async\" width=\"1024\" height=\"575\" data-id=\"11175953\" src=\"https:\/\/regiontatry.sk\/wp-content\/uploads\/2025\/11\/Vianocna-vyzdoba-1-1_2400x1348-1024x575.jpg\" alt=\"\" class=\"wp-image-11175953\" srcset=\"https:\/\/regiontatry.sk\/wp-content\/uploads\/2025\/11\/Vianocna-vyzdoba-1-1_2400x1348-1024x575.jpg 1024w, https:\/\/regiontatry.sk\/wp-content\/uploads\/2025\/11\/Vianocna-vyzdoba-1-1_2400x1348-300x169.jpg 300w, https:\/\/regiontatry.sk\/wp-content\/uploads\/2025\/11\/Vianocna-vyzdoba-1-1_2400x1348-768x431.jpg 768w, https:\/\/regiontatry.sk\/wp-content\/uploads\/2025\/11\/Vianocna-vyzdoba-1-1_2400x1348-1536x863.jpg 1536w, https:\/\/regiontatry.sk\/wp-content\/uploads\/2025\/11\/Vianocna-vyzdoba-1-1_2400x1348-2048x1150.jpg 2048w, https:\/\/regiontatry.sk\/wp-content\/uploads\/2025\/11\/Vianocna-vyzdoba-1-1_2400x1348-1920x1078.jpg 1920w, https:\/\/regiontatry.sk\/wp-content\/uploads\/2025\/11\/Vianocna-vyzdoba-1-1_2400x1348-1705x958.jpg 1705w, https:\/\/regiontatry.sk\/wp-content\/uploads\/2025\/11\/Vianocna-vyzdoba-1-1_2400x1348-860x483.jpg 860w, https:\/\/regiontatry.sk\/wp-content\/uploads\/2025\/11\/Vianocna-vyzdoba-1-1_2400x1348-698x392.jpg 698w, https:\/\/regiontatry.sk\/wp-content\/uploads\/2025\/11\/Vianocna-vyzdoba-1-1_2400x1348-552x310.jpg 552w\" sizes=\"(max-width: 1024px) 100vw, 1024px\" \/><\/figure>\n\n\n\n<figure class=\"wp-block-image size-large\"><img loading=\"lazy\" decoding=\"async\" width=\"1024\" height=\"683\" data-id=\"11175960\" src=\"https:\/\/regiontatry.sk\/wp-content\/uploads\/2025\/11\/mesto-Poprad_Vianoce-1024x683.jpg\" alt=\"\" class=\"wp-image-11175960\" srcset=\"https:\/\/regiontatry.sk\/wp-content\/uploads\/2025\/11\/mesto-Poprad_Vianoce-1024x683.jpg 1024w, https:\/\/regiontatry.sk\/wp-content\/uploads\/2025\/11\/mesto-Poprad_Vianoce-300x200.jpg 300w, https:\/\/regiontatry.sk\/wp-content\/uploads\/2025\/11\/mesto-Poprad_Vianoce-768x512.jpg 768w, https:\/\/regiontatry.sk\/wp-content\/uploads\/2025\/11\/mesto-Poprad_Vianoce-1536x1024.jpg 1536w, https:\/\/regiontatry.sk\/wp-content\/uploads\/2025\/11\/mesto-Poprad_Vianoce-2048x1365.jpg 2048w, https:\/\/regiontatry.sk\/wp-content\/uploads\/2025\/11\/mesto-Poprad_Vianoce-1920x1280.jpg 1920w, https:\/\/regiontatry.sk\/wp-content\/uploads\/2025\/11\/mesto-Poprad_Vianoce-1705x1137.jpg 1705w, https:\/\/regiontatry.sk\/wp-content\/uploads\/2025\/11\/mesto-Poprad_Vianoce-860x573.jpg 860w, https:\/\/regiontatry.sk\/wp-content\/uploads\/2025\/11\/mesto-Poprad_Vianoce-698x465.jpg 698w, https:\/\/regiontatry.sk\/wp-content\/uploads\/2025\/11\/mesto-Poprad_Vianoce-552x368.jpg 552w\" sizes=\"(max-width: 1024px) 100vw, 1024px\" \/><\/figure>\n<\/figure>\n\n\n\n<h2 class=\"wp-block-heading\"><strong>Kar\u00e1csonyi v\u00e1s\u00e1r Tarajk\u00e1n n\u00e9gy adventi h\u00e9tv\u00e9ge sor\u00e1n <\/strong><\/h2>\n\n\n\n<p>A Kar\u00e1csonyi v\u00e1s\u00e1r Tarajk\u00e1n egyed\u00fcl\u00e1ll\u00f3, a t\u00e9li T\u00e1tra \u00e9s kar\u00e1csonyi id\u0151szak var\u00e1zs\u00e1nak k\u00f6sz\u00f6nhet\u0151en. \u00dcnnepiesen kid\u00edsz\u00edtett b\u00f3d\u00e9k, finoms\u00e1gok illata \u00e9s a havas hegyekre val\u00f3 kil\u00e1t\u00e1s felejthetetlen l\u00e9gk\u00f6rt alkot \u00d6n\u00f6k \u00e9s szeretetteik sz\u00e1m\u00e1ra a n\u00e9gy adventi h\u00e9tv\u00e9ge \u00e9s aranyh\u00e9t sor\u00e1n Magas T\u00e1tr\u00e1ban. A Kar\u00e1csonyi v\u00e1s\u00e1r Tarajk\u00e1n \u00edgy \u00fcnnepi l\u00e9gk\u00f6rt hoz k\u00f6zvetlen\u00fcl T\u00e1tra sz\u00edv\u00e9be, hogy az \u00fcnnepeket gy\u00f6ny\u00f6r\u0171 hegyi k\u00f6rnyezetben \u00e9lvezhess\u00e9k. T\u00f6bb inform\u00e1ci\u00f3 a <a href=\"http:\/\/www.vt.sk\">www.vt.sk<\/a> oldalon.<\/p>\n\n\n\n<figure class=\"wp-block-gallery has-nested-images columns-default is-cropped wp-block-gallery-4 is-layout-flex wp-block-gallery-is-layout-flex\">\n<figure class=\"wp-block-image size-large\"><img loading=\"lazy\" decoding=\"async\" width=\"1024\" height=\"768\" data-id=\"11175976\" src=\"https:\/\/regiontatry.sk\/wp-content\/uploads\/2025\/11\/Vianocne-trhy-na-Hrebienku.jpg\" alt=\"\" class=\"wp-image-11175976\" srcset=\"https:\/\/regiontatry.sk\/wp-content\/uploads\/2025\/11\/Vianocne-trhy-na-Hrebienku.jpg 1024w, https:\/\/regiontatry.sk\/wp-content\/uploads\/2025\/11\/Vianocne-trhy-na-Hrebienku-300x225.jpg 300w, https:\/\/regiontatry.sk\/wp-content\/uploads\/2025\/11\/Vianocne-trhy-na-Hrebienku-768x576.jpg 768w, https:\/\/regiontatry.sk\/wp-content\/uploads\/2025\/11\/Vianocne-trhy-na-Hrebienku-860x645.jpg 860w, https:\/\/regiontatry.sk\/wp-content\/uploads\/2025\/11\/Vianocne-trhy-na-Hrebienku-698x524.jpg 698w, https:\/\/regiontatry.sk\/wp-content\/uploads\/2025\/11\/Vianocne-trhy-na-Hrebienku-552x414.jpg 552w\" sizes=\"(max-width: 1024px) 100vw, 1024px\" \/><\/figure>\n\n\n\n<figure class=\"wp-block-image size-large\"><img loading=\"lazy\" decoding=\"async\" width=\"768\" height=\"768\" data-id=\"11176004\" src=\"https:\/\/regiontatry.sk\/wp-content\/uploads\/2025\/11\/Vianocne-trhy-na-Hrebienku-3-edited.jpg\" alt=\"\" class=\"wp-image-11176004\" srcset=\"https:\/\/regiontatry.sk\/wp-content\/uploads\/2025\/11\/Vianocne-trhy-na-Hrebienku-3-edited.jpg 768w, https:\/\/regiontatry.sk\/wp-content\/uploads\/2025\/11\/Vianocne-trhy-na-Hrebienku-3-edited-300x300.jpg 300w, https:\/\/regiontatry.sk\/wp-content\/uploads\/2025\/11\/Vianocne-trhy-na-Hrebienku-3-edited-150x150.jpg 150w, https:\/\/regiontatry.sk\/wp-content\/uploads\/2025\/11\/Vianocne-trhy-na-Hrebienku-3-edited-698x698.jpg 698w, https:\/\/regiontatry.sk\/wp-content\/uploads\/2025\/11\/Vianocne-trhy-na-Hrebienku-3-edited-552x552.jpg 552w\" sizes=\"(max-width: 768px) 100vw, 768px\" \/><\/figure>\n\n\n\n<figure class=\"wp-block-image size-large\"><img loading=\"lazy\" decoding=\"async\" width=\"1024\" height=\"768\" data-id=\"11175974\" src=\"https:\/\/regiontatry.sk\/wp-content\/uploads\/2025\/11\/Vianocne-trhy-na-Hrebienku-2.jpg\" alt=\"\" class=\"wp-image-11175974\" srcset=\"https:\/\/regiontatry.sk\/wp-content\/uploads\/2025\/11\/Vianocne-trhy-na-Hrebienku-2.jpg 1024w, https:\/\/regiontatry.sk\/wp-content\/uploads\/2025\/11\/Vianocne-trhy-na-Hrebienku-2-300x225.jpg 300w, https:\/\/regiontatry.sk\/wp-content\/uploads\/2025\/11\/Vianocne-trhy-na-Hrebienku-2-768x576.jpg 768w, https:\/\/regiontatry.sk\/wp-content\/uploads\/2025\/11\/Vianocne-trhy-na-Hrebienku-2-860x645.jpg 860w, https:\/\/regiontatry.sk\/wp-content\/uploads\/2025\/11\/Vianocne-trhy-na-Hrebienku-2-698x524.jpg 698w, https:\/\/regiontatry.sk\/wp-content\/uploads\/2025\/11\/Vianocne-trhy-na-Hrebienku-2-552x414.jpg 552w\" sizes=\"(max-width: 1024px) 100vw, 1024px\" \/><\/figure>\n<\/figure>\n\n\n\n<p>December 27-\u00e9n, szombaton a kar\u00e1csonyi v\u00e1s\u00e1rra \u00e9s a T\u00e1trai J\u00e9gd\u00f3mhoz egy kar\u00e1csonyi f\u00e9nyekkel d\u00edsz\u00edtett t\u00f6rt\u00e9nelmi villamossal is eljuthatnak, amely eg\u00e9sz nap k\u00f6zlekedik. A menetrendet a <a href=\"https:\/\/www.tatranskaelektricka.sk\/sk\/\">\u00a0www.tatranskaelektricka.sk<\/a> oldalon tal\u00e1lj\u00e1k.<\/p>\n\n\n\n<p>Janu\u00e1r 3. \u00e9s 4. k\u00f6z\u00f6tt j\u00f3t\u00e9konys\u00e1gi falucska v\u00e1rja a l\u00e1togat\u00f3kat \u00d3t\u00e1traf\u00fcred (Star\u00fd Smokovec) k\u00f6zpontj\u00e1ban, a templom mellett, 10:00 \u00e9s 18:00 \u00f3ra k\u00f6z\u00f6tt. A rendezv\u00e9ny a Szent II. J\u00e1nos P\u00e1l p\u00e1pa l\u00e1togat\u00e1s\u00e1nak 30. \u00e9vfordul\u00f3ja alkalm\u00e1b\u00f3l szervezett megeml\u00e9kez\u00e9si \u00e9v lez\u00e1r\u00e1sak\u00e9nt ker\u00fcl megrendez\u00e9sre.<\/p>\n\n\n\n<figure class=\"wp-block-gallery has-nested-images columns-default is-cropped wp-block-gallery-5 is-layout-flex wp-block-gallery-is-layout-flex\">\n<figure class=\"wp-block-image size-large\"><img loading=\"lazy\" decoding=\"async\" width=\"1024\" height=\"635\" data-id=\"11175989\" src=\"https:\/\/regiontatry.sk\/wp-content\/uploads\/2025\/11\/DSC_2954-1-1024x635.jpg\" alt=\"\" class=\"wp-image-11175989\" srcset=\"https:\/\/regiontatry.sk\/wp-content\/uploads\/2025\/11\/DSC_2954-1-1024x635.jpg 1024w, https:\/\/regiontatry.sk\/wp-content\/uploads\/2025\/11\/DSC_2954-1-300x186.jpg 300w, https:\/\/regiontatry.sk\/wp-content\/uploads\/2025\/11\/DSC_2954-1-768x477.jpg 768w, https:\/\/regiontatry.sk\/wp-content\/uploads\/2025\/11\/DSC_2954-1-1536x953.jpg 1536w, https:\/\/regiontatry.sk\/wp-content\/uploads\/2025\/11\/DSC_2954-1-2048x1271.jpg 2048w, https:\/\/regiontatry.sk\/wp-content\/uploads\/2025\/11\/DSC_2954-1-1920x1191.jpg 1920w, https:\/\/regiontatry.sk\/wp-content\/uploads\/2025\/11\/DSC_2954-1-1705x1058.jpg 1705w, https:\/\/regiontatry.sk\/wp-content\/uploads\/2025\/11\/DSC_2954-1-860x534.jpg 860w, https:\/\/regiontatry.sk\/wp-content\/uploads\/2025\/11\/DSC_2954-1-698x433.jpg 698w, https:\/\/regiontatry.sk\/wp-content\/uploads\/2025\/11\/DSC_2954-1-552x343.jpg 552w\" sizes=\"(max-width: 1024px) 100vw, 1024px\" \/><\/figure>\n<\/figure>\n\n\n\n<p>&nbsp;<\/p>\n","protected":false},"excerpt":{"rendered":"<p>Kar\u00e1csonyi v\u00e1s\u00e1rok Magas T\u00e1tra r\u00e9gi\u00f3ban A hagyom\u00e1nyosKar\u00e1csonyi v\u00e1s\u00e1rXXII. \u00e9vfolyama Popr\u00e1dban a Szt. Egyed F\u0151t\u00e9ren 2025. december 5.-t\u0151l 21.-ig zajlik. Id\u00e9n a kar\u00e1csonyi v\u00e1s\u00e1rok id\u0151tartama eg\u00e9szen 16 napra hosszabbodik meg \u00e9s a hazai \u00e9s k\u00fclf\u00f6ldi l\u00e1togat\u00f3k 60 kar\u00e1csonyi d\u00edsz\u00edt\u00e9s\u0171 fab\u00f3d\u00e9nak \u00f6rvendhetnek, amelyekben a l\u00e1togat\u00f3k kar\u00e1csonyi t\u00e9m\u00e1j\u00fa term\u00e9kekre tal\u00e1lnak eg\u00e9sz Szlov\u00e1ki\u00e1b\u00f3l \u00e9rkez\u0151 elad\u00f3kt\u00f3l, friss\u00edt\u0151k \u00e9s meleg italok [&hellip;]<\/p>\n","protected":false},"author":12,"featured_media":11176000,"comment_status":"closed","ping_status":"closed","sticky":false,"template":"","format":"standard","meta":{"footnotes":""},"categories":[87],"tags":[],"class_list":["post-11176015","post","type-post","status-publish","format-standard","has-post-thumbnail","hentry","category-aktuality-a-informacie-z-regionu-hu"],"_links":{"self":[{"href":"https:\/\/regiontatry.sk\/hu\/wp-json\/wp\/v2\/posts\/11176015"}],"collection":[{"href":"https:\/\/regiontatry.sk\/hu\/wp-json\/wp\/v2\/posts"}],"about":[{"href":"https:\/\/regiontatry.sk\/hu\/wp-json\/wp\/v2\/types\/post"}],"author":[{"embeddable":true,"href":"https:\/\/regiontatry.sk\/hu\/wp-json\/wp\/v2\/users\/12"}],"replies":[{"embeddable":true,"href":"https:\/\/regiontatry.sk\/hu\/wp-json\/wp\/v2\/comments?post=11176015"}],"version-history":[{"count":1,"href":"https:\/\/regiontatry.sk\/hu\/wp-json\/wp\/v2\/posts\/11176015\/revisions"}],"predecessor-version":[{"id":11176017,"href":"https:\/\/regiontatry.sk\/hu\/wp-json\/wp\/v2\/posts\/11176015\/revisions\/11176017"}],"wp:featuredmedia":[{"embeddable":true,"href":"https:\/\/regiontatry.sk\/hu\/wp-json\/wp\/v2\/media\/11176000"}],"wp:attachment":[{"href":"https:\/\/regiontatry.sk\/hu\/wp-json\/wp\/v2\/media?parent=11176015"}],"wp:term":[{"taxonomy":"category","embeddable":true,"href":"https:\/\/regiontatry.sk\/hu\/wp-json\/wp\/v2\/categories?post=11176015"},{"taxonomy":"post_tag","embeddable":true,"href":"https:\/\/regiontatry.sk\/hu\/wp-json\/wp\/v2\/tags?post=11176015"}],"curies":[{"name":"wp","href":"https:\/\/api.w.org\/{rel}","templated":true}]}}