{"id":11140610,"date":"2025-10-07T14:00:00","date_gmt":"2025-10-07T12:00:00","guid":{"rendered":"https:\/\/regiontatry.sk\/horuca-zimna-novinka-pre-lyziarov\/"},"modified":"2025-11-25T22:36:34","modified_gmt":"2025-11-25T21:36:34","slug":"goraca-zimowa-nowosc-dla-narciarzy","status":"publish","type":"post","link":"https:\/\/regiontatry.sk\/pl\/goraca-zimowa-nowosc-dla-narciarzy\/","title":{"rendered":"Gor\u0105ca zimowa nowo\u015b\u0107 dla narciarzy"},"content":{"rendered":"\n<p>(Poprad, Liptowski Miku\u0142asz, 7 pa\u017adziernika 2025 r.)<strong> \u2013 Ju\u017c tej zimy nowa linia lotnicza<\/strong> <strong>po\u0142\u0105czy Tatry z\u00a0Gda\u0144skiem. Loty b\u0119d\u0105 realizowane dwa razy w tygodniu od 25 grudnia 2025 roku do 5 czerwca 2026 roku. Nowa trasa linii lotniczej Wizz Air mo\u017ce sta\u0107 si\u0119 du\u017c\u0105 atrakcj\u0105 dla turyst\u00f3w, kt\u00f3rzy w zaledwie kilka godzin dotr\u0105 znad Ba\u0142tyku w Tatry Wysokie i na Chopok, kt\u00f3re gwarantuj\u0105 wspania\u0142e warunki narciarskie. To \u015bwietna wiadomo\u015b\u0107 dla lotniska w Popradzie, a jednocze\u015bnie du\u017ce wyzwanie dla hotelarzy w Tatrach Wysokich i na Liptowie, by jak najszybciej przygotowali pakiety pobytowe z transferem z lotniska i zawalczyli o now\u0105 grup\u0119 klient\u00f3w.<\/strong><\/p>\n\n\n\n<p>Po\u0142\u0105czenie Tatr i Liptowa z Gda\u0144skiem to d\u0142ugoletnie marzenie, kt\u00f3re uda si\u0119 zrealizowa\u0107 ju\u017c w tym sezonie zimowym.&nbsp;<strong><em>\u201eLotnisko w Popradzie ma ogromny potencja\u0142 turystyczny. Narciarze mog\u0105 dotrze\u0107 do wybranych obiekt\u00f3w noclegowych w samym Popradzie w kilka minut od przylotu, a do stok\u00f3w i hoteli w Tatrach Wysokich czy w Jasnej w ci\u0105gu maksymalnie godziny. Jest to oferta, kt\u00f3ra stanowi dla s\u0142owackich o\u015brodk\u00f3w g\u00f3rskich ogromn\u0105 przewag\u0119 konkurencyjn\u0105 i zamierzamy j\u0105 w pe\u0142ni wykorzysta\u0107,\u201c<\/em><\/strong><strong><em> <\/em><\/strong>powiedzia\u0142a Lucia Bla\u0161kov\u00e1, dyrektor Regionalnej Organizacji Turystycznej REGION VYSOK\u00c9 TATRY.<\/p>\n\n\n\n<figure class=\"wp-block-gallery has-nested-images columns-default is-cropped wp-block-gallery-2 is-layout-flex wp-block-gallery-is-layout-flex\">\n<figure class=\"wp-block-image size-large\"><img loading=\"lazy\" decoding=\"async\" width=\"1024\" height=\"391\" data-id=\"9994778\" src=\"https:\/\/regiontatry.sk\/wp-content\/uploads\/2024\/11\/\u00a9-Marek-Hajkovsky-foto-VT-kampan-zima-2024_156-1024x391.jpg\" alt=\"\" class=\"wp-image-9994778\" srcset=\"https:\/\/regiontatry.sk\/wp-content\/uploads\/2024\/11\/\u00a9-Marek-Hajkovsky-foto-VT-kampan-zima-2024_156-1024x391.jpg 1024w, https:\/\/regiontatry.sk\/wp-content\/uploads\/2024\/11\/\u00a9-Marek-Hajkovsky-foto-VT-kampan-zima-2024_156-300x115.jpg 300w, https:\/\/regiontatry.sk\/wp-content\/uploads\/2024\/11\/\u00a9-Marek-Hajkovsky-foto-VT-kampan-zima-2024_156-768x293.jpg 768w, https:\/\/regiontatry.sk\/wp-content\/uploads\/2024\/11\/\u00a9-Marek-Hajkovsky-foto-VT-kampan-zima-2024_156-860x329.jpg 860w, https:\/\/regiontatry.sk\/wp-content\/uploads\/2024\/11\/\u00a9-Marek-Hajkovsky-foto-VT-kampan-zima-2024_156-698x267.jpg 698w, https:\/\/regiontatry.sk\/wp-content\/uploads\/2024\/11\/\u00a9-Marek-Hajkovsky-foto-VT-kampan-zima-2024_156-552x211.jpg 552w, https:\/\/regiontatry.sk\/wp-content\/uploads\/2024\/11\/\u00a9-Marek-Hajkovsky-foto-VT-kampan-zima-2024_156.jpg 1400w\" sizes=\"(max-width: 1024px) 100vw, 1024px\" \/><\/figure>\n<\/figure>\n\n\n\n<p>Otwarcie nowej trasy og\u0142oszono dzi\u015b podczas konferencji prasowej w Gda\u0144sku. <strong><em>\u201eLinia b\u0119dzie kursowa\u0107 z Gda\u0144ska do Popradu dwa razy w tygodniu, w czwartki i niedziele. Pierwszy lot w Tatry odb\u0119dzie si\u0119 w<\/em><\/strong> <strong><em>Bo\u017ce Narodzenie, 25 grudnia 2025 r.,\u201c<\/em><\/strong><strong><em> <\/em><\/strong>poinformowa\u0142a Darina Bartkov\u00e1, dyrektor Regionalnej Organizacji Turystycznej REGION LIPTOV. Wi\u0119cej szczeg\u00f3\u0142\u00f3w dotycz\u0105cych linii lotniczej i ofert hotelowych zostanie opublikowanych wkr\u00f3tce. Otwarcie linii zosta\u0142o dzi\u015b og\u0142oszone przez lini\u0119 lotnicz\u0105 Wizzair.<\/p>\n\n\n\n<p>Mi\u0119dzynarodowe lotnisko Poprad \u2013 Tatry funkcjonuje jako brama wjazdowa do Tatr i cieszy si\u0119 popularno\u015bci\u0105 dzi\u0119ki swojej kameralnej atmosferze i szybkiej obs\u0142udze pasa\u017cer\u00f3w. <strong><em>\u201ePracowali\u015bmy nad tym po\u0142\u0105czeniem od kilku miesi\u0119cy i wierzymy w jego sukces. Teraz kluczowe jest, by biura podr\u00f3\u017cy, hotelarze i przewo\u017anicy szybko zareagowali i przygotowali atrakcyjne pakiety pobytowe, skierowane przede wszystkim do mi\u0142o\u015bnik\u00f3w narciarstwa w Tatrza\u0144skiej \u0141omnicy, na Jeziorze Szczyrbskim i w Jasnej\u201c<\/em><\/strong><strong><em> <\/em><\/strong>powiedzia\u0142 J\u00e1n Pito\u0148\u00e1k, dyrektor lotniska Poprad \u2013 Tatry.<\/p>\n\n\n\n<figure class=\"wp-block-gallery has-nested-images columns-default is-cropped wp-block-gallery-3 is-layout-flex wp-block-gallery-is-layout-flex\">\n<figure class=\"wp-block-image size-large\"><img loading=\"lazy\" decoding=\"async\" width=\"1024\" height=\"648\" data-id=\"9590046\" src=\"https:\/\/regiontatry.sk\/wp-content\/uploads\/2024\/04\/IMG_2868-Edit_11zon-2-1024x648.jpg\" alt=\"\" class=\"wp-image-9590046\" srcset=\"https:\/\/regiontatry.sk\/wp-content\/uploads\/2024\/04\/IMG_2868-Edit_11zon-2-1024x648.jpg 1024w, https:\/\/regiontatry.sk\/wp-content\/uploads\/2024\/04\/IMG_2868-Edit_11zon-2-300x190.jpg 300w, https:\/\/regiontatry.sk\/wp-content\/uploads\/2024\/04\/IMG_2868-Edit_11zon-2-768x486.jpg 768w, https:\/\/regiontatry.sk\/wp-content\/uploads\/2024\/04\/IMG_2868-Edit_11zon-2-1920x1215.jpg 1920w, https:\/\/regiontatry.sk\/wp-content\/uploads\/2024\/04\/IMG_2868-Edit_11zon-2-1705x1079.jpg 1705w, https:\/\/regiontatry.sk\/wp-content\/uploads\/2024\/04\/IMG_2868-Edit_11zon-2-698x442.jpg 698w, https:\/\/regiontatry.sk\/wp-content\/uploads\/2024\/04\/IMG_2868-Edit_11zon-2-552x349.jpg 552w\" sizes=\"(max-width: 1024px) 100vw, 1024px\" \/><\/figure>\n\n\n\n<figure class=\"wp-block-image size-large\"><img loading=\"lazy\" decoding=\"async\" width=\"1024\" height=\"671\" data-id=\"8600505\" src=\"https:\/\/regiontatry.sk\/wp-content\/uploads\/2022\/11\/Kempinski_exterier_zima_11zon-1024x671.jpg\" alt=\"\" class=\"wp-image-8600505\" srcset=\"https:\/\/regiontatry.sk\/wp-content\/uploads\/2022\/11\/Kempinski_exterier_zima_11zon-1024x671.jpg 1024w, https:\/\/regiontatry.sk\/wp-content\/uploads\/2022\/11\/Kempinski_exterier_zima_11zon-300x197.jpg 300w, https:\/\/regiontatry.sk\/wp-content\/uploads\/2022\/11\/Kempinski_exterier_zima_11zon-768x504.jpg 768w, https:\/\/regiontatry.sk\/wp-content\/uploads\/2022\/11\/Kempinski_exterier_zima_11zon-1920x1259.jpg 1920w, https:\/\/regiontatry.sk\/wp-content\/uploads\/2022\/11\/Kempinski_exterier_zima_11zon-1705x1118.jpg 1705w, https:\/\/regiontatry.sk\/wp-content\/uploads\/2022\/11\/Kempinski_exterier_zima_11zon-698x458.jpg 698w, https:\/\/regiontatry.sk\/wp-content\/uploads\/2022\/11\/Kempinski_exterier_zima_11zon-552x362.jpg 552w\" sizes=\"(max-width: 1024px) 100vw, 1024px\" \/><\/figure>\n\n\n\n<figure class=\"wp-block-image size-large\"><img loading=\"lazy\" decoding=\"async\" width=\"1024\" height=\"565\" data-id=\"9994786\" src=\"https:\/\/regiontatry.sk\/wp-content\/uploads\/2018\/11\/\u00a9-Marek-Hajkovsky-foto-VT-kampan-zima-2024_181-1024x565.jpg\" alt=\"\" class=\"wp-image-9994786\" srcset=\"https:\/\/regiontatry.sk\/wp-content\/uploads\/2018\/11\/\u00a9-Marek-Hajkovsky-foto-VT-kampan-zima-2024_181-1024x565.jpg 1024w, https:\/\/regiontatry.sk\/wp-content\/uploads\/2018\/11\/\u00a9-Marek-Hajkovsky-foto-VT-kampan-zima-2024_181-300x166.jpg 300w, https:\/\/regiontatry.sk\/wp-content\/uploads\/2018\/11\/\u00a9-Marek-Hajkovsky-foto-VT-kampan-zima-2024_181-768x424.jpg 768w, https:\/\/regiontatry.sk\/wp-content\/uploads\/2018\/11\/\u00a9-Marek-Hajkovsky-foto-VT-kampan-zima-2024_181-860x475.jpg 860w, https:\/\/regiontatry.sk\/wp-content\/uploads\/2018\/11\/\u00a9-Marek-Hajkovsky-foto-VT-kampan-zima-2024_181-698x385.jpg 698w, https:\/\/regiontatry.sk\/wp-content\/uploads\/2018\/11\/\u00a9-Marek-Hajkovsky-foto-VT-kampan-zima-2024_181-552x305.jpg 552w, https:\/\/regiontatry.sk\/wp-content\/uploads\/2018\/11\/\u00a9-Marek-Hajkovsky-foto-VT-kampan-zima-2024_181.jpg 1400w\" sizes=\"(max-width: 1024px) 100vw, 1024px\" \/><\/figure>\n<\/figure>\n\n\n\n<p>Du\u017c\u0105 atrakcj\u0105 dla polskich turyst\u00f3w mog\u0105 by\u0107 r\u00f3wnie\u017c najlepsze s\u0142owackie parki wodne w Popradzie, Beszeniowej i Liptowskim Miku\u0142aszu, a tak\u017ce unikalna Tatrza\u0144ska \u015awi\u0105tynia Lodowa na Smokowieckim Siode\u0142ku (Hrebienok), zimowe szlaki prowadz\u0105ce do schronisk g\u00f3rskich oraz przepi\u0119kne widoki na Tatry. Tatry maj\u0105 naprawd\u0119 wiele do zaoferowania, a zimowy urlop na S\u0142owacji mo\u017ce by\u0107 dla mieszka\u0144c\u00f3w Gda\u0144ska i okolic wspania\u0142\u0105 alternatyw\u0105.<\/p>\n\n\n\n<p>Lotnisko Poprad \u2013 Tatry potrafi obs\u0142ugiwa\u0107 pasa\u017cer\u00f3w znacznie szybciej ni\u017c lotniska w konkurencyjnych o\u015brodkach g\u00f3rskich w Alpach lub Dolomitach. Lotnisko znajduje si\u0119 na wysoko\u015bci 718 metr\u00f3w n.p.m. Jest to najwy\u017cej po\u0142o\u017cone lotnisko w Europie \u015arodkowej obs\u0142uguj\u0105ce loty kr\u00f3tko- i \u015bredniodystansowe.<\/p>\n\n\n\n<figure class=\"wp-block-gallery has-nested-images columns-default is-cropped wp-block-gallery-4 is-layout-flex wp-block-gallery-is-layout-flex\">\n<figure class=\"wp-block-image size-large\"><img loading=\"lazy\" decoding=\"async\" width=\"1024\" height=\"729\" data-id=\"5673\" src=\"https:\/\/regiontatry.sk\/wp-content\/uploads\/2018\/10\/Samolot-WizzAir-na-lotnisku-Poprad_Tatry-10-2014-1024x729.jpg\" alt=\"\" class=\"wp-image-5673\" srcset=\"https:\/\/regiontatry.sk\/wp-content\/uploads\/2018\/10\/Samolot-WizzAir-na-lotnisku-Poprad_Tatry-10-2014-1024x729.jpg 1024w, https:\/\/regiontatry.sk\/wp-content\/uploads\/2018\/10\/Samolot-WizzAir-na-lotnisku-Poprad_Tatry-10-2014-2048x1459.jpg 2048w, https:\/\/regiontatry.sk\/wp-content\/uploads\/2018\/10\/Samolot-WizzAir-na-lotnisku-Poprad_Tatry-10-2014-1920x1368.jpg 1920w, https:\/\/regiontatry.sk\/wp-content\/uploads\/2018\/10\/Samolot-WizzAir-na-lotnisku-Poprad_Tatry-10-2014-860x613.jpg 860w, https:\/\/regiontatry.sk\/wp-content\/uploads\/2018\/10\/Samolot-WizzAir-na-lotnisku-Poprad_Tatry-10-2014-300x214.jpg 300w, https:\/\/regiontatry.sk\/wp-content\/uploads\/2018\/10\/Samolot-WizzAir-na-lotnisku-Poprad_Tatry-10-2014-768x547.jpg 768w, https:\/\/regiontatry.sk\/wp-content\/uploads\/2018\/10\/Samolot-WizzAir-na-lotnisku-Poprad_Tatry-10-2014-1536x1094.jpg 1536w, https:\/\/regiontatry.sk\/wp-content\/uploads\/2018\/10\/Samolot-WizzAir-na-lotnisku-Poprad_Tatry-10-2014-1705x1214.jpg 1705w, https:\/\/regiontatry.sk\/wp-content\/uploads\/2018\/10\/Samolot-WizzAir-na-lotnisku-Poprad_Tatry-10-2014-698x497.jpg 698w, https:\/\/regiontatry.sk\/wp-content\/uploads\/2018\/10\/Samolot-WizzAir-na-lotnisku-Poprad_Tatry-10-2014-552x393.jpg 552w\" sizes=\"(max-width: 1024px) 100vw, 1024px\" \/><\/figure>\n\n\n\n<figure class=\"wp-block-image size-large\"><img loading=\"lazy\" decoding=\"async\" width=\"1024\" height=\"576\" data-id=\"11140447\" src=\"https:\/\/regiontatry.sk\/wp-content\/uploads\/2025\/10\/P4110993-1024x576.jpg\" alt=\"\" class=\"wp-image-11140447\" srcset=\"https:\/\/regiontatry.sk\/wp-content\/uploads\/2025\/10\/P4110993-1024x576.jpg 1024w, https:\/\/regiontatry.sk\/wp-content\/uploads\/2025\/10\/P4110993-300x169.jpg 300w, https:\/\/regiontatry.sk\/wp-content\/uploads\/2025\/10\/P4110993-768x432.jpg 768w, https:\/\/regiontatry.sk\/wp-content\/uploads\/2025\/10\/P4110993-1536x864.jpg 1536w, https:\/\/regiontatry.sk\/wp-content\/uploads\/2025\/10\/P4110993-2048x1152.jpg 2048w, https:\/\/regiontatry.sk\/wp-content\/uploads\/2025\/10\/P4110993-1920x1080.jpg 1920w, https:\/\/regiontatry.sk\/wp-content\/uploads\/2025\/10\/P4110993-1705x959.jpg 1705w, https:\/\/regiontatry.sk\/wp-content\/uploads\/2025\/10\/P4110993-860x484.jpg 860w, https:\/\/regiontatry.sk\/wp-content\/uploads\/2025\/10\/P4110993-698x393.jpg 698w, https:\/\/regiontatry.sk\/wp-content\/uploads\/2025\/10\/P4110993-552x310.jpg 552w\" sizes=\"(max-width: 1024px) 100vw, 1024px\" \/><\/figure>\n\n\n\n<figure class=\"wp-block-image size-large\"><img loading=\"lazy\" decoding=\"async\" width=\"1024\" height=\"576\" data-id=\"11140432\" src=\"https:\/\/regiontatry.sk\/wp-content\/uploads\/2025\/10\/P2050221-1024x576.jpg\" alt=\"\" class=\"wp-image-11140432\" srcset=\"https:\/\/regiontatry.sk\/wp-content\/uploads\/2025\/10\/P2050221-1024x576.jpg 1024w, https:\/\/regiontatry.sk\/wp-content\/uploads\/2025\/10\/P2050221-300x169.jpg 300w, https:\/\/regiontatry.sk\/wp-content\/uploads\/2025\/10\/P2050221-768x432.jpg 768w, https:\/\/regiontatry.sk\/wp-content\/uploads\/2025\/10\/P2050221-1536x864.jpg 1536w, https:\/\/regiontatry.sk\/wp-content\/uploads\/2025\/10\/P2050221-2048x1152.jpg 2048w, https:\/\/regiontatry.sk\/wp-content\/uploads\/2025\/10\/P2050221-1920x1080.jpg 1920w, https:\/\/regiontatry.sk\/wp-content\/uploads\/2025\/10\/P2050221-1705x959.jpg 1705w, https:\/\/regiontatry.sk\/wp-content\/uploads\/2025\/10\/P2050221-860x484.jpg 860w, https:\/\/regiontatry.sk\/wp-content\/uploads\/2025\/10\/P2050221-698x393.jpg 698w, https:\/\/regiontatry.sk\/wp-content\/uploads\/2025\/10\/P2050221-552x311.jpg 552w\" sizes=\"(max-width: 1024px) 100vw, 1024px\" \/><\/figure>\n<\/figure>\n\n\n\n<p><strong>Region Tatr Wysokich oraz Visit Liptov maj\u0105 teraz przed sob\u0105 du\u017co pracy &#8211; musz\u0105 zaprezentowa\u0107 ten kierunek w Polsce w ramach kampanii marketingowej, kt\u00f3ra b\u0119dzie realizowana przy wsparciu finansowym Ministerstwa Turystyki i Sportu Republiki S\u0142owackiej!<\/strong><\/p>\n\n\n\n<p><img loading=\"lazy\" decoding=\"async\" class=\"size-medium wp-image-9511193 aligncenter\" src=\"https:\/\/regiontatry.sk\/wp-content\/uploads\/2024\/02\/Ministerstvo_cestovneho-ruchu-a-sportu_SR_EN_Farebne-1-300x120.png\" alt=\"\" width=\"300\" height=\"120\" srcset=\"https:\/\/regiontatry.sk\/wp-content\/uploads\/2024\/02\/Ministerstvo_cestovneho-ruchu-a-sportu_SR_EN_Farebne-1-300x120.png 300w, https:\/\/regiontatry.sk\/wp-content\/uploads\/2024\/02\/Ministerstvo_cestovneho-ruchu-a-sportu_SR_EN_Farebne-1-768x307.png 768w, https:\/\/regiontatry.sk\/wp-content\/uploads\/2024\/02\/Ministerstvo_cestovneho-ruchu-a-sportu_SR_EN_Farebne-1-1024x410.png 1024w, https:\/\/regiontatry.sk\/wp-content\/uploads\/2024\/02\/Ministerstvo_cestovneho-ruchu-a-sportu_SR_EN_Farebne-1-1920x769.png 1920w, https:\/\/regiontatry.sk\/wp-content\/uploads\/2024\/02\/Ministerstvo_cestovneho-ruchu-a-sportu_SR_EN_Farebne-1-1705x682.png 1705w, https:\/\/regiontatry.sk\/wp-content\/uploads\/2024\/02\/Ministerstvo_cestovneho-ruchu-a-sportu_SR_EN_Farebne-1-698x279.png 698w, https:\/\/regiontatry.sk\/wp-content\/uploads\/2024\/02\/Ministerstvo_cestovneho-ruchu-a-sportu_SR_EN_Farebne-1-552x221.png 552w\" sizes=\"(max-width: 300px) 100vw, 300px\" \/><\/p>\n","protected":false},"excerpt":{"rendered":"<p>(Poprad, Liptowski Miku\u0142asz, 7 pa\u017adziernika 2025 r.) \u2013 Ju\u017c tej zimy nowa linia lotnicza po\u0142\u0105czy Tatry z\u00a0Gda\u0144skiem. Loty b\u0119d\u0105 realizowane dwa razy w tygodniu od 25 grudnia 2025 roku do 5 czerwca 2026 roku. Nowa trasa linii lotniczej Wizz Air mo\u017ce sta\u0107 si\u0119 du\u017c\u0105 atrakcj\u0105 dla turyst\u00f3w, kt\u00f3rzy w zaledwie kilka godzin dotr\u0105 znad Ba\u0142tyku [&hellip;]<\/p>\n","protected":false},"author":12,"featured_media":11140443,"comment_status":"closed","ping_status":"closed","sticky":false,"template":"","format":"standard","meta":{"footnotes":""},"categories":[23],"tags":[],"class_list":["post-11140610","post","type-post","status-publish","format-standard","has-post-thumbnail","hentry","category-aktuality-a-informacie-z-regionu-pl"],"_links":{"self":[{"href":"https:\/\/regiontatry.sk\/pl\/wp-json\/wp\/v2\/posts\/11140610"}],"collection":[{"href":"https:\/\/regiontatry.sk\/pl\/wp-json\/wp\/v2\/posts"}],"about":[{"href":"https:\/\/regiontatry.sk\/pl\/wp-json\/wp\/v2\/types\/post"}],"author":[{"embeddable":true,"href":"https:\/\/regiontatry.sk\/pl\/wp-json\/wp\/v2\/users\/12"}],"replies":[{"embeddable":true,"href":"https:\/\/regiontatry.sk\/pl\/wp-json\/wp\/v2\/comments?post=11140610"}],"version-history":[{"count":4,"href":"https:\/\/regiontatry.sk\/pl\/wp-json\/wp\/v2\/posts\/11140610\/revisions"}],"predecessor-version":[{"id":12174652,"href":"https:\/\/regiontatry.sk\/pl\/wp-json\/wp\/v2\/posts\/11140610\/revisions\/12174652"}],"wp:featuredmedia":[{"embeddable":true,"href":"https:\/\/regiontatry.sk\/pl\/wp-json\/wp\/v2\/media\/11140443"}],"wp:attachment":[{"href":"https:\/\/regiontatry.sk\/pl\/wp-json\/wp\/v2\/media?parent=11140610"}],"wp:term":[{"taxonomy":"category","embeddable":true,"href":"https:\/\/regiontatry.sk\/pl\/wp-json\/wp\/v2\/categories?post=11140610"},{"taxonomy":"post_tag","embeddable":true,"href":"https:\/\/regiontatry.sk\/pl\/wp-json\/wp\/v2\/tags?post=11140610"}],"curies":[{"name":"wp","href":"https:\/\/api.w.org\/{rel}","templated":true}]}}